{"id":923,"date":"2019-06-03T16:12:27","date_gmt":"2019-06-03T16:12:27","guid":{"rendered":"http:\/\/gemeindebuechereikastl.de\/?p=923"},"modified":"2019-06-07T06:16:26","modified_gmt":"2019-06-07T06:16:26","slug":"buechereiteam-mit-weiteren-mitarbeiter-innen-aus-den-buechereien-der-landkreise-amberg-sulzbach-und-neumarkt-in-berlin","status":"publish","type":"post","link":"https:\/\/gemeindebuechereikastl.de\/?p=923","title":{"rendered":"Kastler B\u00fcchereiteam bei politischer Informationsfahrt f\u00fcr B\u00fcchereimitarbeiter\/innen in Berlin dabei"},"content":{"rendered":"<h2 style=\"text-align: center;\"><span style=\"color: #ff6600;\"><strong>Das Kastler B\u00fcchereiteam war mit weiteren ehrenamtlich engagierte Mitarbeiter\/innen aus den B\u00fcchereien der Landkreise Amberg-Sulzbach und Neumarkt zu Besuch in der Hauptstadt &#8211; MdB Alois Karl lud zur politischen Informationsreise nach Berlin ein<\/strong><\/span><\/h2>\n<p><img loading=\"lazy\" decoding=\"async\" class=\"size-large wp-image-924 aligncenter\" src=\"https:\/\/gemeindebuechereikastl.de\/wp-content\/uploads\/2019\/06\/IMG_0272-1024x683.jpg\" alt=\"\" width=\"750\" height=\"500\" srcset=\"https:\/\/gemeindebuechereikastl.de\/wp-content\/uploads\/2019\/06\/IMG_0272-1024x683.jpg 1024w, https:\/\/gemeindebuechereikastl.de\/wp-content\/uploads\/2019\/06\/IMG_0272-300x200.jpg 300w, https:\/\/gemeindebuechereikastl.de\/wp-content\/uploads\/2019\/06\/IMG_0272-768x512.jpg 768w\" sizes=\"auto, (max-width: 750px) 100vw, 750px\" \/><\/p>\n<p><strong>Auf Einladung des Bundestagsabgeordneten Alois Karl durften u.a. die ehrenamtlich engagierten Mitarbeiter\/innen aus den B\u00fcchereien der Landkreise Amberg-Sulzbach und Neumarkt das politische Treiben in Berlin hautnah miterleben.<\/strong><img loading=\"lazy\" decoding=\"async\" class=\"wp-image-927 alignleft\" src=\"https:\/\/gemeindebuechereikastl.de\/wp-content\/uploads\/2019\/06\/berlin-1024x829.jpg\" alt=\"\" width=\"418\" height=\"338\" srcset=\"https:\/\/gemeindebuechereikastl.de\/wp-content\/uploads\/2019\/06\/berlin-1024x829.jpg 1024w, https:\/\/gemeindebuechereikastl.de\/wp-content\/uploads\/2019\/06\/berlin-300x243.jpg 300w, https:\/\/gemeindebuechereikastl.de\/wp-content\/uploads\/2019\/06\/berlin-768x622.jpg 768w\" sizes=\"auto, (max-width: 418px) 100vw, 418px\" \/><\/p>\n<p><strong>Darunter auch eine kleine Abordnung des Kastler B\u00fcchereiteams. Dem Abgeordneten aus Neumarkt ist es ein besonderes Anliegen, engagierten B\u00fcrgerinnen und B\u00fcrgern mit der Teilnahme an einer politischen Informationsfahrt f\u00fcr deren unerm\u00fcdlichen Einsatz zu danken<\/strong>.<\/p>\n<p>Das umfangreiche Programm begann am Montag mit der Anreise nach Berlin und dem Besuch des Plenarsaales mit einem Vortrag \u00fcber den Bundestag und deren Arbeit. Im Anschluss ging es noch auf die Kuppel des Reichstages.<br \/>\nDer zweite Tag <img loading=\"lazy\" decoding=\"async\" class=\"wp-image-933 alignright\" src=\"https:\/\/gemeindebuechereikastl.de\/wp-content\/uploads\/2019\/06\/brandenburger-tor-1024x830.jpg\" alt=\"\" width=\"337\" height=\"273\" srcset=\"https:\/\/gemeindebuechereikastl.de\/wp-content\/uploads\/2019\/06\/brandenburger-tor-1024x830.jpg 1024w, https:\/\/gemeindebuechereikastl.de\/wp-content\/uploads\/2019\/06\/brandenburger-tor-300x243.jpg 300w, https:\/\/gemeindebuechereikastl.de\/wp-content\/uploads\/2019\/06\/brandenburger-tor-768x622.jpg 768w\" sizes=\"auto, (max-width: 337px) 100vw, 337px\" \/>begann mit einem Informationsgespr\u00e4ch mit MdB Alois Karl im Paul L\u00f6we Haus. Hernach Individueller Rundgang am Brandenburger Tor und Besuch des Denkmales f\u00fcr ermordete Juden Europas. Nach dem Besuch der Bayerischen Vertretung in Berlin hatten die Teilnehmer noch Zeit sich auf dem Gendarmenmarkt umzusehen. Hernach stand der Besuch im Bundesrat mit einem Informationsgespr\u00e4ch auf dem Programm. Hernach wieder Freizeit und Individueller Rundgang \u00fcber den Potsdamer Platz.<br \/>\nAm Mittwochvormittag ging es mit dem <img loading=\"lazy\" decoding=\"async\" class=\" wp-image-932 alignleft\" src=\"https:\/\/gemeindebuechereikastl.de\/wp-content\/uploads\/2019\/06\/IMG_0351-683x1024.jpg\" alt=\"\" width=\"230\" height=\"345\" srcset=\"https:\/\/gemeindebuechereikastl.de\/wp-content\/uploads\/2019\/06\/IMG_0351-683x1024.jpg 683w, https:\/\/gemeindebuechereikastl.de\/wp-content\/uploads\/2019\/06\/IMG_0351-200x300.jpg 200w, https:\/\/gemeindebuechereikastl.de\/wp-content\/uploads\/2019\/06\/IMG_0351-768x1152.jpg 768w\" sizes=\"auto, (max-width: 230px) 100vw, 230px\" \/>Bus durch die Stadt, diese Stadtrundfahrt orientierte sich auch an politischen Punkten unter anderem dem Besuch\u00a0 der Gedenkst\u00e4tte Berliner Mauer an der Bernauer Stra\u00dfe . Mit einem H\u00f6hepunkt war der Besuch in der Stasi-Gedenk- und Begegnungsst\u00e4tte in Potsdam wo die Teilnehmer einen Einblick in die Arbeit der Stasi erhielten und sich hier heute eine Ausstellung mit dem Archiv der Stasi Unterlagen befindet. Am Nachmittag und Abend erkundeten die B\u00fcchereimitarbeiterinnen und Mitarbeiter Berlin auf eigene Faust mit dem Besuch der Ged\u00e4chtniskirche, des KDW, des Kuhdammes usw. Am letzten Tag stand noch ein Vortrag \u00fcber \u201eDie Geldpolitik im Euroraum seit Ausbruch der Finanzkrise\u201c in der Hauptverwaltung der Bundesbank auf dem Programm. Nach dem Mittagessen ging es mit dem Bus wieder nach Hause.<\/p>\n","protected":false},"excerpt":{"rendered":"<p>Das Kastler B\u00fcchereiteam war mit weiteren ehrenamtlich engagierte Mitarbeiter\/innen aus den B\u00fcchereien der Landkreise Amberg-Sulzbach und Neumarkt zu Besuch in der Hauptstadt &#8211; MdB Alois Karl lud zur politischen Informationsreise nach Berlin ein Auf Einladung des Bundestagsabgeordneten Alois Karl durften u.a. die ehrenamtlich engagierten Mitarbeiter\/innen aus den B\u00fcchereien der Landkreise Amberg-Sulzbach und Neumarkt das politische &hellip; <\/p>\n<p><a class=\"more-link btn\" href=\"https:\/\/gemeindebuechereikastl.de\/?p=923\">Weiterlesen<\/a><\/p>\n","protected":false},"author":1,"featured_media":0,"comment_status":"closed","ping_status":"closed","sticky":false,"template":"","format":"standard","meta":{"footnotes":""},"categories":[5],"tags":[110,109,111],"class_list":["post-923","post","type-post","status-publish","format-standard","hentry","category-news","tag-berlin","tag-bundestag","tag-fahrt","item-wrap"],"_links":{"self":[{"href":"https:\/\/gemeindebuechereikastl.de\/index.php?rest_route=\/wp\/v2\/posts\/923","targetHints":{"allow":["GET"]}}],"collection":[{"href":"https:\/\/gemeindebuechereikastl.de\/index.php?rest_route=\/wp\/v2\/posts"}],"about":[{"href":"https:\/\/gemeindebuechereikastl.de\/index.php?rest_route=\/wp\/v2\/types\/post"}],"author":[{"embeddable":true,"href":"https:\/\/gemeindebuechereikastl.de\/index.php?rest_route=\/wp\/v2\/users\/1"}],"replies":[{"embeddable":true,"href":"https:\/\/gemeindebuechereikastl.de\/index.php?rest_route=%2Fwp%2Fv2%2Fcomments&post=923"}],"version-history":[{"count":8,"href":"https:\/\/gemeindebuechereikastl.de\/index.php?rest_route=\/wp\/v2\/posts\/923\/revisions"}],"predecessor-version":[{"id":942,"href":"https:\/\/gemeindebuechereikastl.de\/index.php?rest_route=\/wp\/v2\/posts\/923\/revisions\/942"}],"wp:attachment":[{"href":"https:\/\/gemeindebuechereikastl.de\/index.php?rest_route=%2Fwp%2Fv2%2Fmedia&parent=923"}],"wp:term":[{"taxonomy":"category","embeddable":true,"href":"https:\/\/gemeindebuechereikastl.de\/index.php?rest_route=%2Fwp%2Fv2%2Fcategories&post=923"},{"taxonomy":"post_tag","embeddable":true,"href":"https:\/\/gemeindebuechereikastl.de\/index.php?rest_route=%2Fwp%2Fv2%2Ftags&post=923"}],"curies":[{"name":"wp","href":"https:\/\/api.w.org\/{rel}","templated":true}]}}