{"id":987,"date":"2019-07-16T15:01:57","date_gmt":"2019-07-16T15:01:57","guid":{"rendered":"http:\/\/gemeindebuechereikastl.de\/?p=987"},"modified":"2019-07-20T10:35:24","modified_gmt":"2019-07-20T10:35:24","slug":"buechereiteam-mit-neuen-angebot-am-kastler-buergerfest","status":"publish","type":"post","link":"https:\/\/gemeindebuechereikastl.de\/?p=987","title":{"rendered":"B\u00fcchereiteam mit neuen Angebot am Kastler B\u00fcrgerfest"},"content":{"rendered":"<h2 style=\"text-align: center;\"><span style=\"color: #ff6600;\">Freitag, 12. bis Sonntag, 14 Juli ~ B\u00fcchereiteam mit B\u00fccherflohmarkt und Verkaufsstand am Kastler B\u00fcrgerfest<\/span><\/h2>\n<p><img loading=\"lazy\" decoding=\"async\" class=\"size-large wp-image-990 aligncenter\" src=\"https:\/\/gemeindebuechereikastl.de\/wp-content\/uploads\/2019\/07\/20190713_154021-1024x576.jpg\" alt=\"\" width=\"750\" height=\"422\" srcset=\"https:\/\/gemeindebuechereikastl.de\/wp-content\/uploads\/2019\/07\/20190713_154021-1024x576.jpg 1024w, https:\/\/gemeindebuechereikastl.de\/wp-content\/uploads\/2019\/07\/20190713_154021-300x169.jpg 300w, https:\/\/gemeindebuechereikastl.de\/wp-content\/uploads\/2019\/07\/20190713_154021-768x432.jpg 768w\" sizes=\"auto, (max-width: 750px) 100vw, 750px\" \/><\/p>\n<p>Wie alle Jahre war das B\u00fcchereiteam auch in diesem Jahr wieder vom 12. bis 22. Juli am B\u00fcrgerfest mit einem Stand am Marktplatz vertreten. Mit \u00fcber 200 ehrenamtlichen Stunden bot das B\u00fcchereiteam den Besuchern an unserem Stand am B\u00fcrgerfest wieder gut erhaltene B\u00fccher und diverse Backwaren mit Obatz\u2019n zum Verkauf an.<br \/>\n<img loading=\"lazy\" decoding=\"async\" class=\" wp-image-989 alignleft\" src=\"https:\/\/gemeindebuechereikastl.de\/wp-content\/uploads\/2019\/07\/20190713_152225-1024x576.jpg\" alt=\"\" width=\"520\" height=\"292\" srcset=\"https:\/\/gemeindebuechereikastl.de\/wp-content\/uploads\/2019\/07\/20190713_152225-1024x576.jpg 1024w, https:\/\/gemeindebuechereikastl.de\/wp-content\/uploads\/2019\/07\/20190713_152225-300x169.jpg 300w, https:\/\/gemeindebuechereikastl.de\/wp-content\/uploads\/2019\/07\/20190713_152225-768x432.jpg 768w\" sizes=\"auto, (max-width: 520px) 100vw, 520px\" \/>Das Wetter hatte es in diesem Jahr in sich so gut gemeint, wir bangten mit den anderen Vereinen an den drei B\u00fcrgerfesttagen wie das Wetter wird und ob es regnet oder nicht. Leider hatte der Wettergott kein Einsehen mit den Kastlern, so dass am Freitagabend ein starkes Gewitter mit heftigen Regen dem Treiben am Kastler Marktplatz fr\u00fchzeitig ein Ende bescherte.<\/p>\n<p>Auch Trotz des nicht so gro\u00dfartigen Wetters lie\u00dfen sich die B\u00fccherfreunde nicht abhalten an allen drei Tagen am Flohmarktstand der B\u00fccherei vorbeizuschauen und waren an allen drei Tagen des B\u00fcrgerfestes bis in die Nacht hinein auf der Suche nach interessanten B\u00fcchern.<img loading=\"lazy\" decoding=\"async\" class=\" wp-image-991 alignright\" src=\"https:\/\/gemeindebuechereikastl.de\/wp-content\/uploads\/2019\/07\/bgm-1024x672.jpg\" alt=\"\" width=\"442\" height=\"290\" srcset=\"https:\/\/gemeindebuechereikastl.de\/wp-content\/uploads\/2019\/07\/bgm-1024x672.jpg 1024w, https:\/\/gemeindebuechereikastl.de\/wp-content\/uploads\/2019\/07\/bgm-300x197.jpg 300w, https:\/\/gemeindebuechereikastl.de\/wp-content\/uploads\/2019\/07\/bgm-768x504.jpg 768w\" sizes=\"auto, (max-width: 442px) 100vw, 442px\" \/><\/p>\n<p>Beim Verkauf von diversen Backwaren hatte das Team heuer ein neues Angebot mit Schlemmerzungen, die Brezen und die Brotzeitstangen kamen in diesem Jahr von der B\u00e4ckerei Weber in Ammerthal und kamen bei den Besuchern gut an. Super eingeschlagen hat auch wieder das Angebot von selbstgemachten Obatz\u2019n aus dem Hause D\u00fcrr und von Schnittlauchbroten. F\u00fcr die Kinder und f\u00fcr Naschkatzen hatte das Team in diesem Jahr erstmals s\u00fc\u00dfe T\u00fcten angeboten.<br \/>\n<strong><em>Der Erl\u00f6s aus beiden Aktionen wird f\u00fcr den Erwerb von neuen B\u00fcchern und anderen Medien verwendet. Diese werden dann am 12. und 13. Oktober beim \u201eTAG der OFFENEN T\u00dcR&#8220; allen Interessierten Leserinnen und Lesern zum ersten Mal pr\u00e4sentiert und vorgestellt und k\u00f6nnen hernach auch gleich entleihen zu werden.<\/em><\/strong><strong><em><br \/>\nF\u00fcr alle die nicht bis zum \u201eTag der offenen T\u00fcr\u201c warten k\u00f6nnen, gibt es bereits ab Ende September hier auf der Homepage einen \u00dcberblick \u00fcber alle neuen B\u00fccher. Sie sind im \u201eOnline-Katalog\u201c unter \u201eNeue Titel\u201c zu finden!<\/em><\/strong><\/p>\n","protected":false},"excerpt":{"rendered":"<p>Freitag, 12. bis Sonntag, 14 Juli ~ B\u00fcchereiteam mit B\u00fccherflohmarkt und Verkaufsstand am Kastler B\u00fcrgerfest Wie alle Jahre war das B\u00fcchereiteam auch in diesem Jahr wieder vom 12. bis 22. Juli am B\u00fcrgerfest mit einem Stand am Marktplatz vertreten. Mit \u00fcber 200 ehrenamtlichen Stunden bot das B\u00fcchereiteam den Besuchern an unserem Stand am B\u00fcrgerfest wieder &hellip; <\/p>\n<p><a class=\"more-link btn\" href=\"https:\/\/gemeindebuechereikastl.de\/?p=987\">Weiterlesen<\/a><\/p>\n","protected":false},"author":1,"featured_media":990,"comment_status":"closed","ping_status":"closed","sticky":false,"template":"","format":"standard","meta":{"footnotes":""},"categories":[5],"tags":[60,61],"class_list":["post-987","post","type-post","status-publish","format-standard","has-post-thumbnail","hentry","category-news","tag-buecherflohmarkt","tag-buergerfest","item-wrap"],"_links":{"self":[{"href":"https:\/\/gemeindebuechereikastl.de\/index.php?rest_route=\/wp\/v2\/posts\/987","targetHints":{"allow":["GET"]}}],"collection":[{"href":"https:\/\/gemeindebuechereikastl.de\/index.php?rest_route=\/wp\/v2\/posts"}],"about":[{"href":"https:\/\/gemeindebuechereikastl.de\/index.php?rest_route=\/wp\/v2\/types\/post"}],"author":[{"embeddable":true,"href":"https:\/\/gemeindebuechereikastl.de\/index.php?rest_route=\/wp\/v2\/users\/1"}],"replies":[{"embeddable":true,"href":"https:\/\/gemeindebuechereikastl.de\/index.php?rest_route=%2Fwp%2Fv2%2Fcomments&post=987"}],"version-history":[{"count":2,"href":"https:\/\/gemeindebuechereikastl.de\/index.php?rest_route=\/wp\/v2\/posts\/987\/revisions"}],"predecessor-version":[{"id":994,"href":"https:\/\/gemeindebuechereikastl.de\/index.php?rest_route=\/wp\/v2\/posts\/987\/revisions\/994"}],"wp:featuredmedia":[{"embeddable":true,"href":"https:\/\/gemeindebuechereikastl.de\/index.php?rest_route=\/wp\/v2\/media\/990"}],"wp:attachment":[{"href":"https:\/\/gemeindebuechereikastl.de\/index.php?rest_route=%2Fwp%2Fv2%2Fmedia&parent=987"}],"wp:term":[{"taxonomy":"category","embeddable":true,"href":"https:\/\/gemeindebuechereikastl.de\/index.php?rest_route=%2Fwp%2Fv2%2Fcategories&post=987"},{"taxonomy":"post_tag","embeddable":true,"href":"https:\/\/gemeindebuechereikastl.de\/index.php?rest_route=%2Fwp%2Fv2%2Ftags&post=987"}],"curies":[{"name":"wp","href":"https:\/\/api.w.org\/{rel}","templated":true}]}}